{"id":8658,"date":"2025-10-07T16:37:15","date_gmt":"2025-10-07T16:37:15","guid":{"rendered":"https:\/\/gmcommon.org\/?p=8658"},"modified":"2025-10-07T17:33:55","modified_gmt":"2025-10-07T17:33:55","slug":"myfyrdodau-or-comin-hydref-2025","status":"publish","type":"post","link":"https:\/\/gmcommon.org\/cy\/myfyrdodau-or-comin-hydref-2025\/","title":{"rendered":"Myfyrdodau o&#8217;r Comin: Hydref 2025"},"content":{"rendered":"\n<p><strong>Mae yno rywbeth am gadnoid sy\u2019n awgrymu\u2019r Hydref. Efallai mai lliw eu cot sy\u2019n ein hatgoffa o liw\u2019r dail crin neu efallai am fod y dyddiau\u2019n byrhau bod mwy o siawns ein bod yn crwydro o amgylch y lle ar yr un adeg ag y mae\u2019r cadno\u2019n ymlwybro n\u00f4l i\u2019w w\u00e2l wedi noson o hela. Pa beth bynnag yw\u2019r rheswm, mae\u2019r ysgrif hon yn canolbwyntio ar y cadno (neu\u2019r llwynog fel mae\u2019n cael ei alw yng ngogledd Cymru).<\/strong><\/p>\n\n\n\n<div style=\"height:100px\" aria-hidden=\"true\" class=\"wp-block-spacer\"><\/div>\n\n\n\n<h2 class=\"wp-block-heading\"><strong>Y Cadno ar y Comin<\/strong><\/h2>\n\n\n\n<div style=\"height:26px\" aria-hidden=\"true\" class=\"wp-block-spacer\"><\/div>\n\n\n\n<figure class=\"wp-block-image size-large\"><img loading=\"lazy\" decoding=\"async\" width=\"1024\" height=\"768\" src=\"https:\/\/gmcommon.org\/wp-content\/uploads\/2025\/10\/IMG_20251004_2028190033-1024x768.jpg\" alt=\"\" class=\"wp-image-8495\" srcset=\"https:\/\/gmcommon.org\/wp-content\/uploads\/2025\/10\/IMG_20251004_2028190033-980x735.jpg 980w, https:\/\/gmcommon.org\/wp-content\/uploads\/2025\/10\/IMG_20251004_2028190033-480x360.jpg 480w\" sizes=\"(min-width: 0px) and (max-width: 480px) 480px, (min-width: 481px) and (max-width: 980px) 980px, (min-width: 981px) 1024px, 100vw\" \/><\/figure>\n\n\n\n<div style=\"height:26px\" aria-hidden=\"true\" class=\"wp-block-spacer\"><\/div>\n\n\n\n<p>Mae gan y cadno gysylltiad cryf ag ardal y Comin yn bennaf efallai oherwydd ei fod yn greadur sydd wedi rhoi ei enw i Fedlinog \u2013 un o\u2019r pentrefi sy\u2019n arwain at y Comin. Mae yno nant, sy\u2019n cychwyn ei thaith ar y Comin ac yn teithio lawr drwy\u2019r Pits Woods, mewn i Barc Nant Llwynog, lawr o dan sgw\u00e2r y pentref cyn ymuno \u00e2\u2019r Taf Bargod ger Tafarn Isha. Yr enw ar y dafarn erbyn hyn yw\u2019r Bedlinog Inn ond fe\u2019i hadwaenir gan bobl y pentref fel y Taf \u2013 o ganlyniad i\u2019r hen ddisgrifiad ohoni.  <\/p>\n\n\n\n<div style=\"height:26px\" aria-hidden=\"true\" class=\"wp-block-spacer\"><\/div>\n\n\n\n<figure class=\"wp-block-image size-large\"><img loading=\"lazy\" decoding=\"async\" width=\"1024\" height=\"683\" src=\"https:\/\/gmcommon.org\/wp-content\/uploads\/2025\/10\/DSC_07212-1024x683.jpg\" alt=\"\" class=\"wp-image-8452\" srcset=\"https:\/\/gmcommon.org\/wp-content\/uploads\/2025\/10\/DSC_07212-980x653.jpg 980w, https:\/\/gmcommon.org\/wp-content\/uploads\/2025\/10\/DSC_07212-480x320.jpg 480w\" sizes=\"(min-width: 0px) and (max-width: 480px) 480px, (min-width: 481px) and (max-width: 980px) 980px, (min-width: 981px) 1024px, 100vw\" \/><figcaption class=\"wp-element-caption\"><em>Yma ar y Comin y mae tarddle&#8217;r nant, gwelir sawl nant fach yn ymgufuno \u00e2 Nant Llwynog<\/em><\/figcaption><\/figure>\n\n\n\n<div style=\"height:26px\" aria-hidden=\"true\" class=\"wp-block-spacer\"><\/div>\n\n\n\n<figure class=\"wp-block-gallery aligncenter has-nested-images columns-default is-cropped wp-block-gallery-1 is-layout-flex wp-block-gallery-is-layout-flex\">\n<figure class=\"wp-block-image size-large\"><img loading=\"lazy\" decoding=\"async\" width=\"426\" height=\"757\" data-id=\"8456\" src=\"https:\/\/gmcommon.org\/wp-content\/uploads\/2025\/10\/20251004_220415-ANIMATION.gif\" alt=\"\" class=\"wp-image-8456\"\/><figcaption class=\"wp-element-caption\">Dyma gychwyn un o sawl nant sydd a&#8217;u tarddle ar y Comin ac sy&#8217;n ymgyfuno i ffurfio Nant Llwynog<\/figcaption><\/figure>\n\n\n\n<figure class=\"wp-block-image size-large\"><img loading=\"lazy\" decoding=\"async\" width=\"683\" height=\"1024\" data-id=\"8491\" src=\"https:\/\/gmcommon.org\/wp-content\/uploads\/2025\/10\/DSC_1938-683x1024.jpg\" alt=\"\" class=\"wp-image-8491\"\/><figcaption class=\"wp-element-caption\">Ffarm Bedlinog<\/figcaption><\/figure>\n<\/figure>\n\n\n\n<div style=\"height:37px\" aria-hidden=\"true\" class=\"wp-block-spacer\"><\/div>\n\n\n\n<p>Mae yno hefyd ffarm sydd \u00e2 hawliau pori ar Gomin Gelligaer a Merthyr \u2013 Ffarm Bedlinog. Ond mor hwyr \u00e2 1841 enw&#8217;r ffarm oedd Bedlinog Uchaf. Mae yno gofnod sy&#8217;n ddyddiedig 1604 o gae o&#8217;r enw Gwayne vedlinog a oedd si\u0175r o fod wedi dod yn rhan o dir Coly Isaf yn nes ymlaen. Ceir disgrifiad ym 1688 o Coly Isaf fel a ganlyn: <em>\u201ca tenement and lands called Bodloynog alias Tir Coli\u201d<\/em>. Mae&#8217;n debygol felly, yn \u00f4l Cymdeithas Hanesyddol Gelligaer, mae ardal ddaearyddol o dir oedd Bedlinog yn wreiddiol yn hytrach nag enw ar ffarm. <br><br><\/p>\n\n\n\n<p>Ar un adeg, roedd pentref Bedlinog wedi ei rannu\u2019n ddwy \u2013 y gwaelod oedd Cwm Felin o ganlyniad i\u2019r felin a oedd yn defnyddio d\u0175r Nant Llwynog a\u2019r Taf Bargod i droi ei holwyn, a\u2019r rhan uchaf oedd Blaen Crwn ar \u00f4l y ffarm ar ben uchaf y pentref o&#8217;r un enw. <\/p>\n\n\n\n<div style=\"height:44px\" aria-hidden=\"true\" class=\"wp-block-spacer\"><\/div>\n\n\n\n\n\n<figure class=\"wp-block-gallery has-nested-images columns-default is-cropped wp-block-gallery-2 is-layout-flex wp-block-gallery-is-layout-flex\">\n<figure class=\"wp-block-image size-large\"><img loading=\"lazy\" decoding=\"async\" width=\"1024\" height=\"683\" data-id=\"8454\" src=\"https:\/\/gmcommon.org\/wp-content\/uploads\/2025\/10\/DSC_1876-1024x683.jpg\" alt=\"\" class=\"wp-image-8454\" srcset=\"https:\/\/gmcommon.org\/wp-content\/uploads\/2025\/10\/DSC_1876-980x653.jpg 980w, https:\/\/gmcommon.org\/wp-content\/uploads\/2025\/10\/DSC_1876-480x320.jpg 480w\" sizes=\"(min-width: 0px) and (max-width: 480px) 480px, (min-width: 481px) and (max-width: 980px) 980px, (min-width: 981px) 1024px, 100vw\" \/><figcaption class=\"wp-element-caption\">Ffarm Bedlinog gyda&#8217;i adeiladau carreg prydferth<\/figcaption><\/figure>\n<\/figure>\n\n\n\n<figure class=\"wp-block-gallery has-nested-images columns-default is-cropped wp-block-gallery-3 is-layout-flex wp-block-gallery-is-layout-flex\">\n<figure class=\"wp-block-image size-large\"><img loading=\"lazy\" decoding=\"async\" width=\"1024\" height=\"683\" data-id=\"8458\" src=\"https:\/\/gmcommon.org\/wp-content\/uploads\/2025\/10\/DSC_0876-1024x683.jpg\" alt=\"\" class=\"wp-image-8458\" srcset=\"https:\/\/gmcommon.org\/wp-content\/uploads\/2025\/10\/DSC_0876-980x653.jpg 980w, https:\/\/gmcommon.org\/wp-content\/uploads\/2025\/10\/DSC_0876-480x320.jpg 480w\" sizes=\"(min-width: 0px) and (max-width: 480px) 480px, (min-width: 481px) and (max-width: 980px) 980px, (min-width: 981px) 1024px, 100vw\" \/><\/figure>\n\n\n\n<figure class=\"wp-block-image size-large\"><img loading=\"lazy\" decoding=\"async\" width=\"1024\" height=\"683\" data-id=\"8462\" src=\"https:\/\/gmcommon.org\/wp-content\/uploads\/2025\/10\/DSC_3467-1024x683.jpg\" alt=\"\" class=\"wp-image-8462\" srcset=\"https:\/\/gmcommon.org\/wp-content\/uploads\/2025\/10\/DSC_3467-980x653.jpg 980w, https:\/\/gmcommon.org\/wp-content\/uploads\/2025\/10\/DSC_3467-480x320.jpg 480w\" sizes=\"(min-width: 0px) and (max-width: 480px) 480px, (min-width: 481px) and (max-width: 980px) 980px, (min-width: 981px) 1024px, 100vw\" \/><\/figure>\n\n\n\n<figure class=\"wp-block-image size-large\"><img loading=\"lazy\" decoding=\"async\" width=\"1024\" height=\"683\" data-id=\"8460\" src=\"https:\/\/gmcommon.org\/wp-content\/uploads\/2025\/10\/DSC_6086-1024x683.jpg\" alt=\"\" class=\"wp-image-8460\" srcset=\"https:\/\/gmcommon.org\/wp-content\/uploads\/2025\/10\/DSC_6086-980x653.jpg 980w, https:\/\/gmcommon.org\/wp-content\/uploads\/2025\/10\/DSC_6086-480x320.jpg 480w\" sizes=\"(min-width: 0px) and (max-width: 480px) 480px, (min-width: 481px) and (max-width: 980px) 980px, (min-width: 981px) 1024px, 100vw\" \/><\/figure>\n\n\n\n<figure class=\"wp-block-image size-large\"><img loading=\"lazy\" decoding=\"async\" width=\"967\" height=\"628\" data-id=\"8464\" src=\"https:\/\/gmcommon.org\/wp-content\/uploads\/2025\/10\/Screenshot_20201105-210752.png\" alt=\"\" class=\"wp-image-8464\" srcset=\"https:\/\/gmcommon.org\/wp-content\/uploads\/2025\/10\/Screenshot_20201105-210752.png 967w, https:\/\/gmcommon.org\/wp-content\/uploads\/2025\/10\/Screenshot_20201105-210752-480x312.png 480w\" sizes=\"(min-width: 0px) and (max-width: 480px) 480px, (min-width: 481px) 967px, 100vw\" \/><\/figure>\n<figcaption class=\"blocks-gallery-caption wp-element-caption\">Y Pitts Woods, Bedlinog<\/figcaption><\/figure>\n\n\n\n<div style=\"height:26px\" aria-hidden=\"true\" class=\"wp-block-spacer\"><\/div>\n\n\n\n<p>Dros y ddegawd ddiweddaf &#8211; neu\u2019n rhagor eto \u2013 mae yno drafodaethau wedi codi ynghylch tarddiad enw\u2019r pentref. Gyda rhai\u2019n mynnu mai Bedd Llwynog fyddai\u2019r enw gwreiddiol wedi bod. Ond o edrych ar enwau pentrefi cyfagos yr ardal, sylwir yn weddol gyflym bod rhan gyntaf yr enw \u2013 bed \u2013 hefyd yn ymddangos yn yr enwau Bedwellte a Bedwas, er enghraifft. Mae\u2019r Bed yn yr enwau hyn \u2013 fel yn yr enw Bedlinog si\u0175r o fod \u2013 yn dod o\u2019r gair bod \u2013 sef cartref parhaol, trigfan neu annedd. I ardal sydd wedi colli ei hiaith a\u2019i thafodiaith &#8211; y Wenhwyseg &#8211; mae\u2019r enw yn ein clymu at yr iaith honno. Iaith a oedd, tan yn ddiweddar, yn dal i gael ei siarad gan aelodau h\u0177n nifer o deuluoedd yr ardal. Drwy ddal gafael ar yr enw Bedlinog, mae\u2019n ffordd i drigolion yr ardal allu dal gafael ar iaith a ddygwyd ymaith. <\/p>\n\n\n\n<div style=\"height:100px\" aria-hidden=\"true\" class=\"wp-block-spacer\"><\/div>\n\n\n\n<h2 class=\"wp-block-heading\"><strong>Y Cadno a Bedlinog<\/strong><\/h2>\n\n\n\n<div style=\"height:26px\" aria-hidden=\"true\" class=\"wp-block-spacer\"><\/div>\n\n\n\n<figure class=\"wp-block-gallery has-nested-images columns-default is-cropped wp-block-gallery-4 is-layout-flex wp-block-gallery-is-layout-flex\">\n<figure class=\"wp-block-image size-large\"><img loading=\"lazy\" decoding=\"async\" width=\"1024\" height=\"683\" data-id=\"8466\" src=\"https:\/\/gmcommon.org\/wp-content\/uploads\/2025\/10\/DSC_30342-1024x683.jpg\" alt=\"\" class=\"wp-image-8466\" srcset=\"https:\/\/gmcommon.org\/wp-content\/uploads\/2025\/10\/DSC_30342-980x653.jpg 980w, https:\/\/gmcommon.org\/wp-content\/uploads\/2025\/10\/DSC_30342-480x320.jpg 480w\" sizes=\"(min-width: 0px) and (max-width: 480px) 480px, (min-width: 481px) and (max-width: 980px) 980px, (min-width: 981px) 1024px, 100vw\" \/><figcaption class=\"wp-element-caption\"><em>Pentref Bedlinog wedi ei amgylchynu \u00e2&#8217;r gweundir hardd<\/em><\/figcaption><\/figure>\n<\/figure>\n\n\n\n<div style=\"height:26px\" aria-hidden=\"true\" class=\"wp-block-spacer\"><\/div>\n\n\n\n<p>Yn lleol mae\u2019r hewl sy\u2019n arwain o Fedlinog tuag at faes parcio Carn Bugail yn cael ei alw\u2019n The Fox. Wrth i\u2019r hewl honno gyrraedd y grid gwartheg, yn union ger trothwy\u2019r Comin, arferai tafarn o\u2019r enw The Fox and Hounds sefyll. Adfeilion yn unig sydd ar \u00f4l erbyn heddiw ac ambell i ddafad yn defnyddio ystafelloedd y dafarn gynt i gysgodi rhag haul yr haf neu dywydd garw\u2019r gaeaf. <\/p>\n\n\n\n<div style=\"height:26px\" aria-hidden=\"true\" class=\"wp-block-spacer\"><\/div>\n\n\n\n<p>Mae\u2019n bosib dweud bod yr hen gadno yn rhyw fath o dotem answyddogol i bobl Bedlinog. Os fyddwch fyth yn cerdded neu\u2019n gyrru drwy\u2019r pentref edrychwch yn ofalus o\u2019ch cwmpas &#8211; ar garreg, ar bostyn rygbi, ar ddrws ffrynt, ar ffenest &#8211; fe welwch o amgylch y lle ddelweddau o\u2019r cadno. <\/p>\n\n\n\n<div style=\"height:26px\" aria-hidden=\"true\" class=\"wp-block-spacer\"><\/div>\n\n\n\n<figure class=\"wp-block-gallery has-nested-images columns-4 is-cropped wp-block-gallery-5 is-layout-flex wp-block-gallery-is-layout-flex\">\n<figure class=\"wp-block-image size-large\"><img loading=\"lazy\" decoding=\"async\" width=\"225\" height=\"225\" data-id=\"8470\" src=\"https:\/\/gmcommon.org\/wp-content\/uploads\/2025\/10\/download.jpg\" alt=\"\" class=\"wp-image-8470\" srcset=\"https:\/\/gmcommon.org\/wp-content\/uploads\/2025\/10\/download.jpg 225w, https:\/\/gmcommon.org\/wp-content\/uploads\/2025\/10\/download-150x150.jpg 150w\" sizes=\"(max-width: 225px) 100vw, 225px\" \/><\/figure>\n\n\n\n<figure class=\"wp-block-image size-large\"><img loading=\"lazy\" decoding=\"async\" width=\"884\" height=\"1024\" data-id=\"8476\" src=\"https:\/\/gmcommon.org\/wp-content\/uploads\/2025\/10\/Screenshot-2025-10-04-234023-884x1024.png\" alt=\"\" class=\"wp-image-8476\"\/><\/figure>\n<\/figure>\n\n\n\n<div style=\"height:100px\" aria-hidden=\"true\" class=\"wp-block-spacer\"><\/div>\n\n\n\n<h2 class=\"wp-block-heading\"><strong>Bywyd y Cadno<\/strong><\/h2>\n\n\n\n<div style=\"height:26px\" aria-hidden=\"true\" class=\"wp-block-spacer\"><\/div>\n\n\n\n<figure class=\"wp-block-image size-large\"><img loading=\"lazy\" decoding=\"async\" width=\"1024\" height=\"768\" src=\"https:\/\/gmcommon.org\/wp-content\/uploads\/2025\/10\/IMG_20251004_2028395082-1024x768.jpg\" alt=\"\" class=\"wp-image-8493\" srcset=\"https:\/\/gmcommon.org\/wp-content\/uploads\/2025\/10\/IMG_20251004_2028395082-980x735.jpg 980w, https:\/\/gmcommon.org\/wp-content\/uploads\/2025\/10\/IMG_20251004_2028395082-480x360.jpg 480w\" sizes=\"(min-width: 0px) and (max-width: 480px) 480px, (min-width: 481px) and (max-width: 980px) 980px, (min-width: 981px) 1024px, 100vw\" \/><\/figure>\n\n\n\n<div style=\"height:26px\" aria-hidden=\"true\" class=\"wp-block-spacer\"><\/div>\n\n\n\n<p>Y cadno coch yw\u2019r cadno sy\u2019n byw yng Nghymru a\u2019r enw Lladin yw Vulpes Vulpes. Gellir dod o hyd i\u2019r cadno coch ar bron bob un cyfandir. Mewn amodau da, gall y cadno fyw am hyd at ddeuddeg mlynedd ond mae bywyd yn galed. O ganlyniad i ddamweiniau ffordd, hela ac afiechydon fel arfer dim ond am ryw ddwy neu dair blynedd maent yn dueddol o fyw. Tua mis Rhagfyr bydd y cadno\u2019n chwilio am ei gadn\u00f6es ac yn ei dilyn o amgylch y lle am rai misoedd cyn ei bod hi\u2019n barod i gyplu. Bydd y gadn\u00f6es yn feichiog am 53 diwrnod ac yn y cyfnod hwn, yn ogystal \u00e2\u2019r cyfnod wedi genedigaeth y cenau bach bydd hi\u2019n hollol ddibynnol ar y cadno am ei bwyd am nad yw hi braidd fyth yn gadael ei gw\u00e2l tan fod y cenau\u2019n ddigon cryf fi wynebau\u2019r byd. Maent yn cael ei geni yn ystod mis Mawrth neu Ebrill fel arfer.<\/p>\n\n\n\n<div style=\"height:26px\" aria-hidden=\"true\" class=\"wp-block-spacer\"><\/div>\n\n\n\n<figure class=\"wp-block-image size-large\"><img loading=\"lazy\" decoding=\"async\" width=\"1024\" height=\"683\" src=\"https:\/\/gmcommon.org\/wp-content\/uploads\/2025\/10\/DSC_5577-EDIT-1024x683.jpg\" alt=\"\" class=\"wp-image-8480\" srcset=\"https:\/\/gmcommon.org\/wp-content\/uploads\/2025\/10\/DSC_5577-EDIT-980x653.jpg 980w, https:\/\/gmcommon.org\/wp-content\/uploads\/2025\/10\/DSC_5577-EDIT-480x320.jpg 480w\" sizes=\"(min-width: 0px) and (max-width: 480px) 480px, (min-width: 481px) and (max-width: 980px) 980px, (min-width: 981px) 1024px, 100vw\" \/><\/figure>\n\n\n\n<figure class=\"wp-block-gallery has-nested-images columns-default is-cropped wp-block-gallery-6 is-layout-flex wp-block-gallery-is-layout-flex\">\n<figure class=\"wp-block-image size-large\"><img loading=\"lazy\" decoding=\"async\" width=\"1024\" height=\"683\" data-id=\"8482\" src=\"https:\/\/gmcommon.org\/wp-content\/uploads\/2025\/10\/DSC_3540-1024x683.jpg\" alt=\"\" class=\"wp-image-8482\" srcset=\"https:\/\/gmcommon.org\/wp-content\/uploads\/2025\/10\/DSC_3540-980x653.jpg 980w, https:\/\/gmcommon.org\/wp-content\/uploads\/2025\/10\/DSC_3540-480x320.jpg 480w\" sizes=\"(min-width: 0px) and (max-width: 480px) 480px, (min-width: 481px) and (max-width: 980px) 980px, (min-width: 981px) 1024px, 100vw\" \/><\/figure>\n\n\n\n<figure class=\"wp-block-image size-large\"><img loading=\"lazy\" decoding=\"async\" width=\"1024\" height=\"683\" data-id=\"8484\" src=\"https:\/\/gmcommon.org\/wp-content\/uploads\/2025\/10\/DSC_55722-1024x683.jpg\" alt=\"\" class=\"wp-image-8484\" srcset=\"https:\/\/gmcommon.org\/wp-content\/uploads\/2025\/10\/DSC_55722-980x653.jpg 980w, https:\/\/gmcommon.org\/wp-content\/uploads\/2025\/10\/DSC_55722-480x320.jpg 480w\" sizes=\"(min-width: 0px) and (max-width: 480px) 480px, (min-width: 481px) and (max-width: 980px) 980px, (min-width: 981px) 1024px, 100vw\" \/><\/figure>\n\n\n\n<figure class=\"wp-block-image size-large\"><img loading=\"lazy\" decoding=\"async\" width=\"1024\" height=\"576\" data-id=\"8486\" src=\"https:\/\/gmcommon.org\/wp-content\/uploads\/2025\/10\/IMG_20240201_172308975-1024x576.jpg\" alt=\"\" class=\"wp-image-8486\" srcset=\"https:\/\/gmcommon.org\/wp-content\/uploads\/2025\/10\/IMG_20240201_172308975-980x551.jpg 980w, https:\/\/gmcommon.org\/wp-content\/uploads\/2025\/10\/IMG_20240201_172308975-480x270.jpg 480w\" sizes=\"(min-width: 0px) and (max-width: 480px) 480px, (min-width: 481px) and (max-width: 980px) 980px, (min-width: 981px) 1024px, 100vw\" \/><\/figure>\n<\/figure>\n\n\n\n<div style=\"height:26px\" aria-hidden=\"true\" class=\"wp-block-spacer\"><\/div>\n\n\n\n<p>Mae mis Hydref hyd ddiwedd mis Tachwedd hefyd yn bwysig i\u2019r llwynogod oherwydd dyma\u2019r adeg y bydd y cadnoaid ifainc, a rhai llwynogesau, yn chwilio am walau newydd. I ddynodi\u2019r cyfnod pwysig hwn byddwch yn aml yn clywed s\u0175n cyfarth y cadnoaid ifainc wrth iddynt redeg yn rhydd i gychwyn eu bywyd newydd. Gwrandewch yn astud gyda\u2019r nos y mis hwn i weld os allwch glywed s\u0175n y rhyddid newydd hwn yn atseinio dros y Comin.<\/p>\n\n\n\n<div style=\"height:26px\" aria-hidden=\"true\" class=\"wp-block-spacer\"><\/div>\n\n\n\n<figure class=\"wp-block-image size-large\"><img loading=\"lazy\" decoding=\"async\" width=\"1024\" height=\"683\" src=\"https:\/\/gmcommon.org\/wp-content\/uploads\/2025\/10\/DSC_3638-1024x683.jpg\" alt=\"\" class=\"wp-image-8489\" srcset=\"https:\/\/gmcommon.org\/wp-content\/uploads\/2025\/10\/DSC_3638-980x653.jpg 980w, https:\/\/gmcommon.org\/wp-content\/uploads\/2025\/10\/DSC_3638-480x320.jpg 480w\" sizes=\"(min-width: 0px) and (max-width: 480px) 480px, (min-width: 481px) and (max-width: 980px) 980px, (min-width: 981px) 1024px, 100vw\" \/><\/figure>\n\n\n\n<div style=\"height:100px\" aria-hidden=\"true\" class=\"wp-block-spacer\"><\/div>\n\n\n\n<h2 class=\"wp-block-heading\"><strong>Y Cadno Mewn Ll\u00ean a Cherddoriaeth&nbsp;<\/strong><\/h2>\n\n\n\n<div style=\"height:26px\" aria-hidden=\"true\" class=\"wp-block-spacer\"><\/div>\n\n\n\n<p>Mae yno opera gan y cyfansoddwr Tsiec Leo\u0161 Jan\u00e1\u010dek o\u2019r enw <em>P\u0159\u00edhody li\u0161ky Bystrou\u0161ky<\/em> sy\u2019n golygu Anturiaethau\u2019r Gadn\u00f6es Finiog-glust ond daw\u2019r cyfieithiad Saesneg The Cunning Little Vixen o gyfieithiad Almaeneg y teitl Das Schlaue F\u00fccheslein gan y cyfieithydd Max Brod \u2013 a dyma\u2019r teitl a ddefnyddiwyd led led y byd yn y pendraw. Heblaw am y Weriniaeth Tsiec, sy\u2019n cadw\u2019r teitl gwreiddiol. Cyfansoddwyd yr opera rhwng 1921 a 1923 ond mae hi\u2019n dal i fod yn stori hyfryd a thrist hyd heddiw. Gellir gwarndo ar yr opera drwy glicio ar y ddolen isod:<\/p>\n\n\n\n<div style=\"height:26px\" aria-hidden=\"true\" class=\"wp-block-spacer\"><\/div>\n\n\n\n<figure class=\"wp-block-embed is-type-video is-provider-youtube wp-block-embed-youtube wp-embed-aspect-16-9 wp-has-aspect-ratio\"><div class=\"wp-block-embed__wrapper\">\n<iframe loading=\"lazy\" title=\"Jan\u00e1\u010dek - The Cunning Little Vixen - Czech Ph \/ Neumann\" width=\"1080\" height=\"608\" src=\"https:\/\/www.youtube.com\/embed\/iSJP8tp7BrQ?feature=oembed\"  allow=\"accelerometer; autoplay; clipboard-write; encrypted-media; gyroscope; picture-in-picture; web-share\" referrerpolicy=\"strict-origin-when-cross-origin\" allowfullscreen><\/iframe>\n<\/div><\/figure>\n\n\n\n<div style=\"height:26px\" aria-hidden=\"true\" class=\"wp-block-spacer\"><\/div>\n\n\n\n<p>Mae plant Cymru\u2019n gyfarwydd wrth gwrs ag anturiaethau\u2019r cadno Si\u00f4n Blewyn Coch a\u2019i wraig Si\u00e2n Slei Bach a\u2019u plant. Ac yn 2011 Cyhoeddodd yr awdur Si\u00e2n Melangell Dafydd stori fer o\u2019r enw Foxy \u2013 cadno tacsidermi a oedd yn eiddo i deulu\u2019r awdur oedd yr ysbrydoliaeth y tu \u00f4l i\u2019r darn.<\/p>\n\n\n\n<p>Mae\u2019r Comin yn glytwaith o anifeiliaid, pryfaid, adar, planhigion, cerrig a chreigiau, pyllau d\u0175r ac olion hynafol ac mae\u2019r cadno yno &#8211; yn crwydro ymysg y cyfan oll yn benthyg ei enw i nant a thir, i bentref a hewl heb anghofio adfeilion hen dafarn sy&#8217;n ddim ond carped o fwsogl a rhedyn erbyn heddiw.<\/p>\n\n\n\n<div style=\"height:100px\" aria-hidden=\"true\" class=\"wp-block-spacer\"><\/div>\n\n\n\n<h2 class=\"wp-block-heading has-text-align-center\"><strong>Y fi yw\u2019r Cadno Coch \u2013 pam oes arnat fy eisiau?<\/strong><\/h2>\n\n\n\n<div style=\"height:26px\" aria-hidden=\"true\" class=\"wp-block-spacer\"><\/div>\n\n\n\n<figure class=\"wp-block-pullquote\"><blockquote><p>Y fi yw dy ddwbl,<br>dy ysbryd, dy arall,<br>Enaid y gwyllt<br>enaid yr hin<br>Coch yw fy ffwr a <br>choch fy nghelfyddyd<br>A choch yw gwaed<br>dy galon ddychrynllyd<br><\/p><cite>Jackie Morris<\/cite><\/blockquote><\/figure>\n\n\n\n<div style=\"height:70px\" aria-hidden=\"true\" class=\"wp-block-spacer\"><\/div>\n\n\n\n<figure class=\"wp-block-image aligncenter size-large is-resized\"><img loading=\"lazy\" decoding=\"async\" width=\"768\" height=\"1024\" src=\"https:\/\/gmcommon.org\/wp-content\/uploads\/2025\/10\/IMG_1481-768x1024.jpeg\" alt=\"\" class=\"wp-image-8563\" style=\"width:554px;height:auto\"\/><figcaption class=\"wp-element-caption\"><em>Llun gan Boas,10 mlwydd oed, o Fedlinog.<\/em><\/figcaption><\/figure>\n\n\n\n<div style=\"height:26px\" aria-hidden=\"true\" class=\"wp-block-spacer\"><\/div>\n\n\n\n<p>Mae&#8217;r uchod yn bennill o&#8217;r gerdd Saesneg &#8216;Fox&#8217; gan yr artist a&#8217;r awdur Jackie Morris sy&#8217;n byw yn Sir Benfro. <\/p>\n\n\n\n<div style=\"height:100px\" aria-hidden=\"true\" class=\"wp-block-spacer\"><\/div>\n\n\n\n<h1 class=\"wp-block-heading\">Arsylwadau O&#8217;r Comin: Hydref<\/h1>\n\n\n\n<div style=\"height:26px\" aria-hidden=\"true\" class=\"wp-block-spacer\"><\/div>\n\n\n\n<figure class=\"wp-block-gallery has-nested-images columns-2 is-cropped wp-block-gallery-7 is-layout-flex wp-block-gallery-is-layout-flex\">\n<figure class=\"wp-block-image size-large\"><img loading=\"lazy\" decoding=\"async\" width=\"1024\" height=\"683\" data-id=\"8553\" src=\"https:\/\/gmcommon.org\/wp-content\/uploads\/2025\/10\/DSC_5800-1024x683.jpg\" alt=\"\" class=\"wp-image-8553\" srcset=\"https:\/\/gmcommon.org\/wp-content\/uploads\/2025\/10\/DSC_5800-980x653.jpg 980w, https:\/\/gmcommon.org\/wp-content\/uploads\/2025\/10\/DSC_5800-480x320.jpg 480w\" sizes=\"(min-width: 0px) and (max-width: 480px) 480px, (min-width: 481px) and (max-width: 980px) 980px, (min-width: 981px) 1024px, 100vw\" \/><\/figure>\n\n\n\n<figure class=\"wp-block-image size-large\"><img loading=\"lazy\" decoding=\"async\" width=\"1024\" height=\"683\" data-id=\"8549\" src=\"https:\/\/gmcommon.org\/wp-content\/uploads\/2025\/10\/DSC_5811-1024x683.jpg\" alt=\"\" class=\"wp-image-8549\" srcset=\"https:\/\/gmcommon.org\/wp-content\/uploads\/2025\/10\/DSC_5811-980x653.jpg 980w, https:\/\/gmcommon.org\/wp-content\/uploads\/2025\/10\/DSC_5811-480x320.jpg 480w\" sizes=\"(min-width: 0px) and (max-width: 480px) 480px, (min-width: 481px) and (max-width: 980px) 980px, (min-width: 981px) 1024px, 100vw\" \/><\/figure>\n\n\n\n<figure class=\"wp-block-image size-large\"><img loading=\"lazy\" decoding=\"async\" width=\"1024\" height=\"683\" data-id=\"8547\" src=\"https:\/\/gmcommon.org\/wp-content\/uploads\/2025\/10\/DSC_5841-1024x683.jpg\" alt=\"\" class=\"wp-image-8547\" srcset=\"https:\/\/gmcommon.org\/wp-content\/uploads\/2025\/10\/DSC_5841-1024x683.jpg 1024w, https:\/\/gmcommon.org\/wp-content\/uploads\/2025\/10\/DSC_5841-300x200.jpg 300w, https:\/\/gmcommon.org\/wp-content\/uploads\/2025\/10\/DSC_5841-768x512.jpg 768w, https:\/\/gmcommon.org\/wp-content\/uploads\/2025\/10\/DSC_5841.jpg 1620w\" sizes=\"(max-width: 1024px) 100vw, 1024px\" \/><\/figure>\n\n\n\n<figure class=\"wp-block-image size-large\"><img loading=\"lazy\" decoding=\"async\" width=\"1024\" height=\"683\" data-id=\"8544\" src=\"https:\/\/gmcommon.org\/wp-content\/uploads\/2025\/10\/DSC_59953-1024x683.jpg\" alt=\"\" class=\"wp-image-8544\" srcset=\"https:\/\/gmcommon.org\/wp-content\/uploads\/2025\/10\/DSC_59953-980x653.jpg 980w, https:\/\/gmcommon.org\/wp-content\/uploads\/2025\/10\/DSC_59953-480x320.jpg 480w\" sizes=\"(min-width: 0px) and (max-width: 480px) 480px, (min-width: 481px) and (max-width: 980px) 980px, (min-width: 981px) 1024px, 100vw\" \/><\/figure>\n\n\n\n<figure class=\"wp-block-image size-large\"><img loading=\"lazy\" decoding=\"async\" width=\"1024\" height=\"683\" data-id=\"8542\" src=\"https:\/\/gmcommon.org\/wp-content\/uploads\/2025\/10\/DSC_5793-1024x683.jpg\" alt=\"\" class=\"wp-image-8542\" srcset=\"https:\/\/gmcommon.org\/wp-content\/uploads\/2025\/10\/DSC_5793-980x653.jpg 980w, https:\/\/gmcommon.org\/wp-content\/uploads\/2025\/10\/DSC_5793-480x320.jpg 480w\" sizes=\"(min-width: 0px) and (max-width: 480px) 480px, (min-width: 481px) and (max-width: 980px) 980px, (min-width: 981px) 1024px, 100vw\" \/><\/figure>\n\n\n\n<figure class=\"wp-block-image size-large\"><img loading=\"lazy\" decoding=\"async\" width=\"1024\" height=\"683\" data-id=\"8539\" src=\"https:\/\/gmcommon.org\/wp-content\/uploads\/2025\/10\/DSC_5787-1024x683.jpg\" alt=\"\" class=\"wp-image-8539\" srcset=\"https:\/\/gmcommon.org\/wp-content\/uploads\/2025\/10\/DSC_5787-980x653.jpg 980w, https:\/\/gmcommon.org\/wp-content\/uploads\/2025\/10\/DSC_5787-480x320.jpg 480w\" sizes=\"(min-width: 0px) and (max-width: 480px) 480px, (min-width: 481px) and (max-width: 980px) 980px, (min-width: 981px) 1024px, 100vw\" \/><\/figure>\n\n\n\n<figure class=\"wp-block-image size-large\"><img loading=\"lazy\" decoding=\"async\" width=\"1024\" height=\"683\" data-id=\"8538\" src=\"https:\/\/gmcommon.org\/wp-content\/uploads\/2025\/10\/DSC_5902-1024x683.jpg\" alt=\"\" class=\"wp-image-8538\" srcset=\"https:\/\/gmcommon.org\/wp-content\/uploads\/2025\/10\/DSC_5902-980x653.jpg 980w, https:\/\/gmcommon.org\/wp-content\/uploads\/2025\/10\/DSC_5902-480x320.jpg 480w\" sizes=\"(min-width: 0px) and (max-width: 480px) 480px, (min-width: 481px) and (max-width: 980px) 980px, (min-width: 981px) 1024px, 100vw\" \/><\/figure>\n\n\n\n<figure class=\"wp-block-image size-large\"><img loading=\"lazy\" decoding=\"async\" width=\"1024\" height=\"683\" data-id=\"8536\" src=\"https:\/\/gmcommon.org\/wp-content\/uploads\/2025\/10\/DSC_6021-1024x683.jpg\" alt=\"\" class=\"wp-image-8536\" srcset=\"https:\/\/gmcommon.org\/wp-content\/uploads\/2025\/10\/DSC_6021-980x653.jpg 980w, https:\/\/gmcommon.org\/wp-content\/uploads\/2025\/10\/DSC_6021-480x320.jpg 480w\" sizes=\"(min-width: 0px) and (max-width: 480px) 480px, (min-width: 481px) and (max-width: 980px) 980px, (min-width: 981px) 1024px, 100vw\" \/><\/figure>\n\n\n\n<figure class=\"wp-block-image size-large\"><img loading=\"lazy\" decoding=\"async\" width=\"1024\" height=\"683\" data-id=\"8534\" src=\"https:\/\/gmcommon.org\/wp-content\/uploads\/2025\/10\/DSC_5784-1024x683.jpg\" alt=\"\" class=\"wp-image-8534\" srcset=\"https:\/\/gmcommon.org\/wp-content\/uploads\/2025\/10\/DSC_5784-1024x683.jpg 1024w, https:\/\/gmcommon.org\/wp-content\/uploads\/2025\/10\/DSC_5784-300x200.jpg 300w, https:\/\/gmcommon.org\/wp-content\/uploads\/2025\/10\/DSC_5784-768x512.jpg 768w, https:\/\/gmcommon.org\/wp-content\/uploads\/2025\/10\/DSC_5784.jpg 1620w\" sizes=\"(max-width: 1024px) 100vw, 1024px\" \/><\/figure>\n\n\n\n<figure class=\"wp-block-image size-large\"><img loading=\"lazy\" decoding=\"async\" width=\"1024\" height=\"683\" data-id=\"8528\" src=\"https:\/\/gmcommon.org\/wp-content\/uploads\/2025\/10\/DSC_6067-1024x683.jpg\" alt=\"\" class=\"wp-image-8528\" srcset=\"https:\/\/gmcommon.org\/wp-content\/uploads\/2025\/10\/DSC_6067-980x653.jpg 980w, https:\/\/gmcommon.org\/wp-content\/uploads\/2025\/10\/DSC_6067-480x320.jpg 480w\" sizes=\"(min-width: 0px) and (max-width: 480px) 480px, (min-width: 481px) and (max-width: 980px) 980px, (min-width: 981px) 1024px, 100vw\" \/><\/figure>\n\n\n\n<figure class=\"wp-block-image size-large\"><img loading=\"lazy\" decoding=\"async\" width=\"1024\" height=\"683\" data-id=\"8510\" src=\"https:\/\/gmcommon.org\/wp-content\/uploads\/2025\/10\/DSC_6005-1024x683.jpg\" alt=\"\" class=\"wp-image-8510\" srcset=\"https:\/\/gmcommon.org\/wp-content\/uploads\/2025\/10\/DSC_6005-1024x683.jpg 1024w, https:\/\/gmcommon.org\/wp-content\/uploads\/2025\/10\/DSC_6005-300x200.jpg 300w, https:\/\/gmcommon.org\/wp-content\/uploads\/2025\/10\/DSC_6005-768x512.jpg 768w, https:\/\/gmcommon.org\/wp-content\/uploads\/2025\/10\/DSC_6005.jpg 1620w\" sizes=\"(max-width: 1024px) 100vw, 1024px\" \/><\/figure>\n\n\n\n<figure class=\"wp-block-image size-large\"><img loading=\"lazy\" decoding=\"async\" width=\"1024\" height=\"683\" data-id=\"8512\" src=\"https:\/\/gmcommon.org\/wp-content\/uploads\/2025\/10\/DSC_6046-1024x683.jpg\" alt=\"\" class=\"wp-image-8512\" srcset=\"https:\/\/gmcommon.org\/wp-content\/uploads\/2025\/10\/DSC_6046-1024x683.jpg 1024w, https:\/\/gmcommon.org\/wp-content\/uploads\/2025\/10\/DSC_6046-300x200.jpg 300w, https:\/\/gmcommon.org\/wp-content\/uploads\/2025\/10\/DSC_6046.jpg 1620w\" sizes=\"(max-width: 1024px) 100vw, 1024px\" \/><\/figure>\n\n\n\n<figure class=\"wp-block-image size-large\"><img loading=\"lazy\" decoding=\"async\" width=\"1024\" height=\"683\" data-id=\"8514\" src=\"https:\/\/gmcommon.org\/wp-content\/uploads\/2025\/10\/DSC_58822-1024x683.jpg\" alt=\"\" class=\"wp-image-8514\" srcset=\"https:\/\/gmcommon.org\/wp-content\/uploads\/2025\/10\/DSC_58822-1024x683.jpg 1024w, https:\/\/gmcommon.org\/wp-content\/uploads\/2025\/10\/DSC_58822-300x200.jpg 300w, https:\/\/gmcommon.org\/wp-content\/uploads\/2025\/10\/DSC_58822-768x512.jpg 768w, https:\/\/gmcommon.org\/wp-content\/uploads\/2025\/10\/DSC_58822.jpg 1620w\" sizes=\"(max-width: 1024px) 100vw, 1024px\" \/><\/figure>\n\n\n\n<figure class=\"wp-block-image size-large\"><img loading=\"lazy\" decoding=\"async\" width=\"1620\" height=\"1080\" data-id=\"8520\" src=\"https:\/\/gmcommon.org\/wp-content\/uploads\/2025\/10\/DSC_5821.jpg\" alt=\"\" class=\"wp-image-8520\"\/><\/figure>\n\n\n\n<figure class=\"wp-block-image size-large\"><img loading=\"lazy\" decoding=\"async\" width=\"1620\" height=\"1080\" data-id=\"8522\" src=\"https:\/\/gmcommon.org\/wp-content\/uploads\/2025\/10\/DSC_5905.jpg\" alt=\"\" class=\"wp-image-8522\"\/><\/figure>\n\n\n\n<figure class=\"wp-block-image size-large\"><img loading=\"lazy\" decoding=\"async\" width=\"1620\" height=\"1080\" data-id=\"8511\" src=\"https:\/\/gmcommon.org\/wp-content\/uploads\/2025\/10\/DSC_5775.jpg\" alt=\"\" class=\"wp-image-8511\"\/><\/figure>\n\n\n\n<figure class=\"wp-block-image size-large\"><img loading=\"lazy\" decoding=\"async\" width=\"1620\" height=\"1080\" data-id=\"8509\" src=\"https:\/\/gmcommon.org\/wp-content\/uploads\/2025\/10\/DSC_6023.jpg\" alt=\"\" class=\"wp-image-8509\" srcset=\"https:\/\/gmcommon.org\/wp-content\/uploads\/2025\/10\/DSC_6023.jpg 1620w, https:\/\/gmcommon.org\/wp-content\/uploads\/2025\/10\/DSC_6023-300x200.jpg 300w\" sizes=\"(max-width: 1620px) 100vw, 1620px\" \/><\/figure>\n\n\n\n<figure class=\"wp-block-image size-large\"><img loading=\"lazy\" decoding=\"async\" width=\"1024\" height=\"683\" data-id=\"8525\" src=\"https:\/\/gmcommon.org\/wp-content\/uploads\/2025\/10\/DSC_6011-1024x683.jpg\" alt=\"\" class=\"wp-image-8525\" srcset=\"https:\/\/gmcommon.org\/wp-content\/uploads\/2025\/10\/DSC_6011-1024x683.jpg 1024w, https:\/\/gmcommon.org\/wp-content\/uploads\/2025\/10\/DSC_6011-300x200.jpg 300w, https:\/\/gmcommon.org\/wp-content\/uploads\/2025\/10\/DSC_6011-768x512.jpg 768w, https:\/\/gmcommon.org\/wp-content\/uploads\/2025\/10\/DSC_6011.jpg 1620w\" sizes=\"(max-width: 1024px) 100vw, 1024px\" \/><\/figure>\n\n\n\n<figure class=\"wp-block-image size-large\"><img loading=\"lazy\" decoding=\"async\" width=\"1024\" height=\"683\" data-id=\"8526\" src=\"https:\/\/gmcommon.org\/wp-content\/uploads\/2025\/10\/DSC_5832-1024x683.jpg\" alt=\"\" class=\"wp-image-8526\"\/><\/figure>\n\n\n\n<figure class=\"wp-block-image size-large\"><img loading=\"lazy\" decoding=\"async\" width=\"1024\" height=\"683\" data-id=\"8527\" src=\"https:\/\/gmcommon.org\/wp-content\/uploads\/2025\/10\/DSC_5976-1024x683.jpg\" alt=\"\" class=\"wp-image-8527\" srcset=\"https:\/\/gmcommon.org\/wp-content\/uploads\/2025\/10\/DSC_5976-1024x683.jpg 1024w, https:\/\/gmcommon.org\/wp-content\/uploads\/2025\/10\/DSC_5976-300x200.jpg 300w, https:\/\/gmcommon.org\/wp-content\/uploads\/2025\/10\/DSC_5976-768x512.jpg 768w, https:\/\/gmcommon.org\/wp-content\/uploads\/2025\/10\/DSC_5976.jpg 1620w\" sizes=\"(max-width: 1024px) 100vw, 1024px\" \/><\/figure>\n\n\n\n<figure class=\"wp-block-image size-large\"><img loading=\"lazy\" decoding=\"async\" width=\"1024\" height=\"683\" data-id=\"8524\" src=\"https:\/\/gmcommon.org\/wp-content\/uploads\/2025\/10\/DSC_6084-1024x683.jpg\" alt=\"\" class=\"wp-image-8524\" srcset=\"https:\/\/gmcommon.org\/wp-content\/uploads\/2025\/10\/DSC_6084-1024x683.jpg 1024w, https:\/\/gmcommon.org\/wp-content\/uploads\/2025\/10\/DSC_6084-300x200.jpg 300w, https:\/\/gmcommon.org\/wp-content\/uploads\/2025\/10\/DSC_6084-768x512.jpg 768w, https:\/\/gmcommon.org\/wp-content\/uploads\/2025\/10\/DSC_6084.jpg 1620w\" sizes=\"(max-width: 1024px) 100vw, 1024px\" \/><\/figure>\n\n\n\n<figure class=\"wp-block-image size-large\"><img loading=\"lazy\" decoding=\"async\" width=\"1024\" height=\"683\" data-id=\"8508\" src=\"https:\/\/gmcommon.org\/wp-content\/uploads\/2025\/10\/DSC_5808-1024x683.jpg\" alt=\"\" class=\"wp-image-8508\" srcset=\"https:\/\/gmcommon.org\/wp-content\/uploads\/2025\/10\/DSC_5808-1024x683.jpg 1024w, https:\/\/gmcommon.org\/wp-content\/uploads\/2025\/10\/DSC_5808-300x200.jpg 300w, https:\/\/gmcommon.org\/wp-content\/uploads\/2025\/10\/DSC_5808.jpg 1620w\" sizes=\"(max-width: 1024px) 100vw, 1024px\" \/><\/figure>\n\n\n\n<figure class=\"wp-block-image size-large\"><img loading=\"lazy\" decoding=\"async\" width=\"1620\" height=\"1080\" data-id=\"8506\" src=\"https:\/\/gmcommon.org\/wp-content\/uploads\/2025\/10\/DSC_6042.jpg\" alt=\"\" class=\"wp-image-8506\" srcset=\"https:\/\/gmcommon.org\/wp-content\/uploads\/2025\/10\/DSC_6042.jpg 1620w, https:\/\/gmcommon.org\/wp-content\/uploads\/2025\/10\/DSC_6042-300x200.jpg 300w\" sizes=\"(max-width: 1620px) 100vw, 1620px\" \/><\/figure>\n\n\n\n<figure class=\"wp-block-image size-large\"><img loading=\"lazy\" decoding=\"async\" width=\"1620\" height=\"1080\" data-id=\"8504\" src=\"https:\/\/gmcommon.org\/wp-content\/uploads\/2025\/10\/DSC_5780.jpg\" alt=\"\" class=\"wp-image-8504\" srcset=\"https:\/\/gmcommon.org\/wp-content\/uploads\/2025\/10\/DSC_5780.jpg 1620w, https:\/\/gmcommon.org\/wp-content\/uploads\/2025\/10\/DSC_5780-300x200.jpg 300w\" sizes=\"(max-width: 1620px) 100vw, 1620px\" \/><\/figure>\n\n\n\n<figure class=\"wp-block-image size-large\"><img loading=\"lazy\" decoding=\"async\" width=\"1024\" height=\"683\" data-id=\"8501\" src=\"https:\/\/gmcommon.org\/wp-content\/uploads\/2025\/10\/DSC_5931-1024x683.jpg\" alt=\"\" class=\"wp-image-8501\" srcset=\"https:\/\/gmcommon.org\/wp-content\/uploads\/2025\/10\/DSC_5931-1024x683.jpg 1024w, https:\/\/gmcommon.org\/wp-content\/uploads\/2025\/10\/DSC_5931-300x200.jpg 300w, https:\/\/gmcommon.org\/wp-content\/uploads\/2025\/10\/DSC_5931.jpg 1620w\" sizes=\"(max-width: 1024px) 100vw, 1024px\" \/><figcaption class=\"wp-element-caption\"><em>Awyr atmosfferig, iasol y mis hwn<\/em><\/figcaption><\/figure>\n\n\n\n<figure class=\"wp-block-image size-large\"><img loading=\"lazy\" decoding=\"async\" width=\"1024\" height=\"683\" data-id=\"8500\" src=\"https:\/\/gmcommon.org\/wp-content\/uploads\/2025\/10\/DSC_5805-1024x683.jpg\" alt=\"\" class=\"wp-image-8500\" srcset=\"https:\/\/gmcommon.org\/wp-content\/uploads\/2025\/10\/DSC_5805-1024x683.jpg 1024w, https:\/\/gmcommon.org\/wp-content\/uploads\/2025\/10\/DSC_5805-300x200.jpg 300w, https:\/\/gmcommon.org\/wp-content\/uploads\/2025\/10\/DSC_5805.jpg 1620w\" sizes=\"(max-width: 1024px) 100vw, 1024px\" \/><\/figure>\n\n\n\n<figure class=\"wp-block-image size-large\"><img loading=\"lazy\" decoding=\"async\" width=\"1024\" height=\"683\" data-id=\"8498\" src=\"https:\/\/gmcommon.org\/wp-content\/uploads\/2025\/10\/DSC_5962-1024x683.jpg\" alt=\"\" class=\"wp-image-8498\" srcset=\"https:\/\/gmcommon.org\/wp-content\/uploads\/2025\/10\/DSC_5962-1024x683.jpg 1024w, https:\/\/gmcommon.org\/wp-content\/uploads\/2025\/10\/DSC_5962-300x200.jpg 300w, https:\/\/gmcommon.org\/wp-content\/uploads\/2025\/10\/DSC_5962-768x512.jpg 768w, https:\/\/gmcommon.org\/wp-content\/uploads\/2025\/10\/DSC_5962.jpg 1620w\" sizes=\"(max-width: 1024px) 100vw, 1024px\" \/><\/figure>\n\n\n\n<figure class=\"wp-block-image size-large\"><img loading=\"lazy\" decoding=\"async\" width=\"1024\" height=\"683\" data-id=\"8558\" src=\"https:\/\/gmcommon.org\/wp-content\/uploads\/2025\/10\/DSC_6101-1-1024x683.jpg\" alt=\"\" class=\"wp-image-8558\" srcset=\"https:\/\/gmcommon.org\/wp-content\/uploads\/2025\/10\/DSC_6101-1-980x653.jpg 980w, https:\/\/gmcommon.org\/wp-content\/uploads\/2025\/10\/DSC_6101-1-480x320.jpg 480w\" sizes=\"(min-width: 0px) and (max-width: 480px) 480px, (min-width: 481px) and (max-width: 980px) 980px, (min-width: 981px) 1024px, 100vw\" \/><\/figure>\n\n\n\n<figure class=\"wp-block-image size-large\"><img loading=\"lazy\" decoding=\"async\" width=\"1024\" height=\"683\" data-id=\"8560\" src=\"https:\/\/gmcommon.org\/wp-content\/uploads\/2025\/10\/DSC_6104-1-1024x683.jpg\" alt=\"\" class=\"wp-image-8560\" srcset=\"https:\/\/gmcommon.org\/wp-content\/uploads\/2025\/10\/DSC_6104-1-980x653.jpg 980w, https:\/\/gmcommon.org\/wp-content\/uploads\/2025\/10\/DSC_6104-1-480x320.jpg 480w\" sizes=\"(min-width: 0px) and (max-width: 480px) 480px, (min-width: 481px) and (max-width: 980px) 980px, (min-width: 981px) 1024px, 100vw\" \/><figcaption class=\"wp-element-caption\"><em>Mae&#8217;r mwsogl yn ffynnu unwaith eto, wedi ei adfywio gan wres a lleithder yr Hydref<\/em>.<\/figcaption><\/figure>\n<\/figure>\n\n\n\n<figure class=\"wp-block-image aligncenter size-full is-resized\"><img loading=\"lazy\" decoding=\"async\" width=\"808\" height=\"540\" src=\"https:\/\/gmcommon.org\/wp-content\/uploads\/2025\/10\/DSC_5946-ANIMATION.gif\" alt=\"\" class=\"wp-image-8556\" style=\"width:532px;height:auto\"\/><figcaption class=\"wp-element-caption\"><em>Y drudwy yn trydar ac yn gwyro dros y brawyn cyn glanio ar wifren<\/em>.<\/figcaption><\/figure>\n\n\n\n<div style=\"height:26px\" aria-hidden=\"true\" class=\"wp-block-spacer\"><\/div>\n\n\n\n<p><strong>Tynnwyd y lluniau a&#8217;r ffotograffau prydferth yn yr ysgrif hon gan yr artist lleol<\/strong> <strong>@pollylove.studio<\/strong><\/p>\n\n\n\n<p>Diolch i Gymdeithas Hanesyddol Gelligaer am y wybodaeth ynghylch enwau ffermydd a chaeau ardal Bedlinog. <\/p>\n","protected":false},"excerpt":{"rendered":"<p>Mae yno rywbeth am gadnoid sy\u2019n awgrymu\u2019r Hydref. Efallai mai lliw eu cot sy\u2019n ein hatgoffa o liw\u2019r dail crin neu efallai am fod y dyddiau\u2019n byrhau bod mwy o siawns ein bod yn crwydro o amgylch y lle ar yr un adeg ag y mae\u2019r cadno\u2019n ymlwybro n\u00f4l i\u2019w w\u00e2l wedi noson o hela. [&hellip;]<\/p>\n","protected":false},"author":8,"featured_media":8450,"comment_status":"open","ping_status":"open","sticky":false,"template":"","format":"standard","meta":{"_acf_changed":false,"_et_pb_use_builder":"off","_et_pb_old_content":"","_et_gb_content_width":"","footnotes":""},"categories":[1],"tags":[],"class_list":["post-8658","post","type-post","status-publish","format-standard","has-post-thumbnail","hentry","category-newyddion"],"acf":[],"yoast_head":"<!-- This site is optimized with the Yoast SEO plugin v27.5 - https:\/\/yoast.com\/product\/yoast-seo-wordpress\/ -->\n<title>Myfyrdodau o&#039;r Comin: Hydref 2025 &#8211; Gelligaer and Merthyr Common<\/title>\n<meta name=\"robots\" content=\"index, follow, max-snippet:-1, max-image-preview:large, max-video-preview:-1\" \/>\n<link rel=\"canonical\" href=\"https:\/\/gmcommon.org\/cy\/myfyrdodau-or-comin-hydref-2025\/\" \/>\n<meta property=\"og:locale\" content=\"cy_GB\" \/>\n<meta property=\"og:type\" content=\"article\" \/>\n<meta property=\"og:title\" content=\"Myfyrdodau o&#039;r Comin: Hydref 2025 &#8211; Gelligaer and Merthyr Common\" \/>\n<meta property=\"og:description\" content=\"Mae yno rywbeth am gadnoid sy\u2019n awgrymu\u2019r Hydref. Efallai mai lliw eu cot sy\u2019n ein hatgoffa o liw\u2019r dail crin neu efallai am fod y dyddiau\u2019n byrhau bod mwy o siawns ein bod yn crwydro o amgylch y lle ar yr un adeg ag y mae\u2019r cadno\u2019n ymlwybro n\u00f4l i\u2019w w\u00e2l wedi noson o hela. [&hellip;]\" \/>\n<meta property=\"og:url\" content=\"https:\/\/gmcommon.org\/cy\/myfyrdodau-or-comin-hydref-2025\/\" \/>\n<meta property=\"og:site_name\" content=\"Gelligaer and Merthyr Common\" \/>\n<meta property=\"article:published_time\" content=\"2025-10-07T16:37:15+00:00\" \/>\n<meta property=\"article:modified_time\" content=\"2025-10-07T17:33:55+00:00\" \/>\n<meta property=\"og:image\" content=\"https:\/\/gmcommon.org\/wp-content\/uploads\/2025\/10\/FOX-PROFILE_INK_COLOUR_002-1024x576.png\" \/>\n\t<meta property=\"og:image:width\" content=\"1024\" \/>\n\t<meta property=\"og:image:height\" content=\"576\" \/>\n\t<meta property=\"og:image:type\" content=\"image\/png\" \/>\n<meta name=\"author\" content=\"Catrin\" \/>\n<meta name=\"twitter:card\" content=\"summary_large_image\" \/>\n<meta name=\"twitter:label1\" content=\"Written by\" \/>\n\t<meta name=\"twitter:data1\" content=\"Catrin\" \/>\n\t<meta name=\"twitter:label2\" content=\"Est. reading time\" \/>\n\t<meta name=\"twitter:data2\" content=\"17 minutes\" \/>\n<script type=\"application\/ld+json\" class=\"yoast-schema-graph\">{\"@context\":\"https:\\\/\\\/schema.org\",\"@graph\":[{\"@type\":\"Article\",\"@id\":\"https:\\\/\\\/gmcommon.org\\\/cy\\\/myfyrdodau-or-comin-hydref-2025\\\/#article\",\"isPartOf\":{\"@id\":\"https:\\\/\\\/gmcommon.org\\\/cy\\\/myfyrdodau-or-comin-hydref-2025\\\/\"},\"author\":{\"name\":\"Catrin\",\"@id\":\"https:\\\/\\\/gmcommon.org\\\/cy\\\/#\\\/schema\\\/person\\\/6dcb89e9ec887a1551d968a5922dcebd\"},\"headline\":\"Myfyrdodau o&#8217;r Comin: Hydref 2025\",\"datePublished\":\"2025-10-07T16:37:15+00:00\",\"dateModified\":\"2025-10-07T17:33:55+00:00\",\"mainEntityOfPage\":{\"@id\":\"https:\\\/\\\/gmcommon.org\\\/cy\\\/myfyrdodau-or-comin-hydref-2025\\\/\"},\"wordCount\":1355,\"commentCount\":0,\"publisher\":{\"@id\":\"https:\\\/\\\/gmcommon.org\\\/cy\\\/#organization\"},\"image\":{\"@id\":\"https:\\\/\\\/gmcommon.org\\\/cy\\\/myfyrdodau-or-comin-hydref-2025\\\/#primaryimage\"},\"thumbnailUrl\":\"https:\\\/\\\/gmcommon.org\\\/wp-content\\\/uploads\\\/2025\\\/10\\\/FOX-PROFILE_INK_COLOUR_002.png\",\"articleSection\":[\"Newyddion\"],\"inLanguage\":\"cy-GB\",\"potentialAction\":[{\"@type\":\"CommentAction\",\"name\":\"Comment\",\"target\":[\"https:\\\/\\\/gmcommon.org\\\/cy\\\/myfyrdodau-or-comin-hydref-2025\\\/#respond\"]}]},{\"@type\":\"WebPage\",\"@id\":\"https:\\\/\\\/gmcommon.org\\\/cy\\\/myfyrdodau-or-comin-hydref-2025\\\/\",\"url\":\"https:\\\/\\\/gmcommon.org\\\/cy\\\/myfyrdodau-or-comin-hydref-2025\\\/\",\"name\":\"Myfyrdodau o'r Comin: Hydref 2025 &#8211; Gelligaer and Merthyr Common\",\"isPartOf\":{\"@id\":\"https:\\\/\\\/gmcommon.org\\\/cy\\\/#website\"},\"primaryImageOfPage\":{\"@id\":\"https:\\\/\\\/gmcommon.org\\\/cy\\\/myfyrdodau-or-comin-hydref-2025\\\/#primaryimage\"},\"image\":{\"@id\":\"https:\\\/\\\/gmcommon.org\\\/cy\\\/myfyrdodau-or-comin-hydref-2025\\\/#primaryimage\"},\"thumbnailUrl\":\"https:\\\/\\\/gmcommon.org\\\/wp-content\\\/uploads\\\/2025\\\/10\\\/FOX-PROFILE_INK_COLOUR_002.png\",\"datePublished\":\"2025-10-07T16:37:15+00:00\",\"dateModified\":\"2025-10-07T17:33:55+00:00\",\"breadcrumb\":{\"@id\":\"https:\\\/\\\/gmcommon.org\\\/cy\\\/myfyrdodau-or-comin-hydref-2025\\\/#breadcrumb\"},\"inLanguage\":\"cy-GB\",\"potentialAction\":[{\"@type\":\"ReadAction\",\"target\":[\"https:\\\/\\\/gmcommon.org\\\/cy\\\/myfyrdodau-or-comin-hydref-2025\\\/\"]}]},{\"@type\":\"ImageObject\",\"inLanguage\":\"cy-GB\",\"@id\":\"https:\\\/\\\/gmcommon.org\\\/cy\\\/myfyrdodau-or-comin-hydref-2025\\\/#primaryimage\",\"url\":\"https:\\\/\\\/gmcommon.org\\\/wp-content\\\/uploads\\\/2025\\\/10\\\/FOX-PROFILE_INK_COLOUR_002.png\",\"contentUrl\":\"https:\\\/\\\/gmcommon.org\\\/wp-content\\\/uploads\\\/2025\\\/10\\\/FOX-PROFILE_INK_COLOUR_002.png\",\"width\":1920,\"height\":1080},{\"@type\":\"BreadcrumbList\",\"@id\":\"https:\\\/\\\/gmcommon.org\\\/cy\\\/myfyrdodau-or-comin-hydref-2025\\\/#breadcrumb\",\"itemListElement\":[{\"@type\":\"ListItem\",\"position\":1,\"name\":\"Home\",\"item\":\"https:\\\/\\\/gmcommon.org\\\/cy\\\/\"},{\"@type\":\"ListItem\",\"position\":2,\"name\":\"Myfyrdodau o&#8217;r Comin: Hydref 2025\"}]},{\"@type\":\"WebSite\",\"@id\":\"https:\\\/\\\/gmcommon.org\\\/cy\\\/#website\",\"url\":\"https:\\\/\\\/gmcommon.org\\\/cy\\\/\",\"name\":\"Gelligaer and Merthyr Common\",\"description\":\"\",\"publisher\":{\"@id\":\"https:\\\/\\\/gmcommon.org\\\/cy\\\/#organization\"},\"potentialAction\":[{\"@type\":\"SearchAction\",\"target\":{\"@type\":\"EntryPoint\",\"urlTemplate\":\"https:\\\/\\\/gmcommon.org\\\/cy\\\/?s={search_term_string}\"},\"query-input\":{\"@type\":\"PropertyValueSpecification\",\"valueRequired\":true,\"valueName\":\"search_term_string\"}}],\"inLanguage\":\"cy-GB\"},{\"@type\":\"Organization\",\"@id\":\"https:\\\/\\\/gmcommon.org\\\/cy\\\/#organization\",\"name\":\"Gelligaer and Merthyr Common\",\"url\":\"https:\\\/\\\/gmcommon.org\\\/cy\\\/\",\"logo\":{\"@type\":\"ImageObject\",\"inLanguage\":\"cy-GB\",\"@id\":\"https:\\\/\\\/gmcommon.org\\\/cy\\\/#\\\/schema\\\/logo\\\/image\\\/\",\"url\":\"https:\\\/\\\/gmcommon.org\\\/wp-content\\\/uploads\\\/2020\\\/04\\\/GMCommonComingSoon-Logo2.png\",\"contentUrl\":\"https:\\\/\\\/gmcommon.org\\\/wp-content\\\/uploads\\\/2020\\\/04\\\/GMCommonComingSoon-Logo2.png\",\"width\":500,\"height\":250,\"caption\":\"Gelligaer and Merthyr Common\"},\"image\":{\"@id\":\"https:\\\/\\\/gmcommon.org\\\/cy\\\/#\\\/schema\\\/logo\\\/image\\\/\"}},{\"@type\":\"Person\",\"@id\":\"https:\\\/\\\/gmcommon.org\\\/cy\\\/#\\\/schema\\\/person\\\/6dcb89e9ec887a1551d968a5922dcebd\",\"name\":\"Catrin\",\"image\":{\"@type\":\"ImageObject\",\"inLanguage\":\"cy-GB\",\"@id\":\"https:\\\/\\\/secure.gravatar.com\\\/avatar\\\/97f63f177dafcc2c0195ee6e116238c52a738135eb143a3da0cd06956dd77e90?s=96&d=mm&r=g\",\"url\":\"https:\\\/\\\/secure.gravatar.com\\\/avatar\\\/97f63f177dafcc2c0195ee6e116238c52a738135eb143a3da0cd06956dd77e90?s=96&d=mm&r=g\",\"contentUrl\":\"https:\\\/\\\/secure.gravatar.com\\\/avatar\\\/97f63f177dafcc2c0195ee6e116238c52a738135eb143a3da0cd06956dd77e90?s=96&d=mm&r=g\",\"caption\":\"Catrin\"},\"url\":\"https:\\\/\\\/gmcommon.org\\\/cy\\\/author\\\/catrin\\\/\"}]}<\/script>\n<!-- \/ Yoast SEO plugin. -->","yoast_head_json":{"title":"Myfyrdodau o'r Comin: Hydref 2025 &#8211; Gelligaer and Merthyr Common","robots":{"index":"index","follow":"follow","max-snippet":"max-snippet:-1","max-image-preview":"max-image-preview:large","max-video-preview":"max-video-preview:-1"},"canonical":"https:\/\/gmcommon.org\/cy\/myfyrdodau-or-comin-hydref-2025\/","og_locale":"cy_GB","og_type":"article","og_title":"Myfyrdodau o'r Comin: Hydref 2025 &#8211; Gelligaer and Merthyr Common","og_description":"Mae yno rywbeth am gadnoid sy\u2019n awgrymu\u2019r Hydref. Efallai mai lliw eu cot sy\u2019n ein hatgoffa o liw\u2019r dail crin neu efallai am fod y dyddiau\u2019n byrhau bod mwy o siawns ein bod yn crwydro o amgylch y lle ar yr un adeg ag y mae\u2019r cadno\u2019n ymlwybro n\u00f4l i\u2019w w\u00e2l wedi noson o hela. [&hellip;]","og_url":"https:\/\/gmcommon.org\/cy\/myfyrdodau-or-comin-hydref-2025\/","og_site_name":"Gelligaer and Merthyr Common","article_published_time":"2025-10-07T16:37:15+00:00","article_modified_time":"2025-10-07T17:33:55+00:00","og_image":[{"width":1024,"height":576,"url":"https:\/\/gmcommon.org\/wp-content\/uploads\/2025\/10\/FOX-PROFILE_INK_COLOUR_002-1024x576.png","type":"image\/png"}],"author":"Catrin","twitter_card":"summary_large_image","twitter_misc":{"Written by":"Catrin","Est. reading time":"17 minutes"},"schema":{"@context":"https:\/\/schema.org","@graph":[{"@type":"Article","@id":"https:\/\/gmcommon.org\/cy\/myfyrdodau-or-comin-hydref-2025\/#article","isPartOf":{"@id":"https:\/\/gmcommon.org\/cy\/myfyrdodau-or-comin-hydref-2025\/"},"author":{"name":"Catrin","@id":"https:\/\/gmcommon.org\/cy\/#\/schema\/person\/6dcb89e9ec887a1551d968a5922dcebd"},"headline":"Myfyrdodau o&#8217;r Comin: Hydref 2025","datePublished":"2025-10-07T16:37:15+00:00","dateModified":"2025-10-07T17:33:55+00:00","mainEntityOfPage":{"@id":"https:\/\/gmcommon.org\/cy\/myfyrdodau-or-comin-hydref-2025\/"},"wordCount":1355,"commentCount":0,"publisher":{"@id":"https:\/\/gmcommon.org\/cy\/#organization"},"image":{"@id":"https:\/\/gmcommon.org\/cy\/myfyrdodau-or-comin-hydref-2025\/#primaryimage"},"thumbnailUrl":"https:\/\/gmcommon.org\/wp-content\/uploads\/2025\/10\/FOX-PROFILE_INK_COLOUR_002.png","articleSection":["Newyddion"],"inLanguage":"cy-GB","potentialAction":[{"@type":"CommentAction","name":"Comment","target":["https:\/\/gmcommon.org\/cy\/myfyrdodau-or-comin-hydref-2025\/#respond"]}]},{"@type":"WebPage","@id":"https:\/\/gmcommon.org\/cy\/myfyrdodau-or-comin-hydref-2025\/","url":"https:\/\/gmcommon.org\/cy\/myfyrdodau-or-comin-hydref-2025\/","name":"Myfyrdodau o'r Comin: Hydref 2025 &#8211; Gelligaer and Merthyr Common","isPartOf":{"@id":"https:\/\/gmcommon.org\/cy\/#website"},"primaryImageOfPage":{"@id":"https:\/\/gmcommon.org\/cy\/myfyrdodau-or-comin-hydref-2025\/#primaryimage"},"image":{"@id":"https:\/\/gmcommon.org\/cy\/myfyrdodau-or-comin-hydref-2025\/#primaryimage"},"thumbnailUrl":"https:\/\/gmcommon.org\/wp-content\/uploads\/2025\/10\/FOX-PROFILE_INK_COLOUR_002.png","datePublished":"2025-10-07T16:37:15+00:00","dateModified":"2025-10-07T17:33:55+00:00","breadcrumb":{"@id":"https:\/\/gmcommon.org\/cy\/myfyrdodau-or-comin-hydref-2025\/#breadcrumb"},"inLanguage":"cy-GB","potentialAction":[{"@type":"ReadAction","target":["https:\/\/gmcommon.org\/cy\/myfyrdodau-or-comin-hydref-2025\/"]}]},{"@type":"ImageObject","inLanguage":"cy-GB","@id":"https:\/\/gmcommon.org\/cy\/myfyrdodau-or-comin-hydref-2025\/#primaryimage","url":"https:\/\/gmcommon.org\/wp-content\/uploads\/2025\/10\/FOX-PROFILE_INK_COLOUR_002.png","contentUrl":"https:\/\/gmcommon.org\/wp-content\/uploads\/2025\/10\/FOX-PROFILE_INK_COLOUR_002.png","width":1920,"height":1080},{"@type":"BreadcrumbList","@id":"https:\/\/gmcommon.org\/cy\/myfyrdodau-or-comin-hydref-2025\/#breadcrumb","itemListElement":[{"@type":"ListItem","position":1,"name":"Home","item":"https:\/\/gmcommon.org\/cy\/"},{"@type":"ListItem","position":2,"name":"Myfyrdodau o&#8217;r Comin: Hydref 2025"}]},{"@type":"WebSite","@id":"https:\/\/gmcommon.org\/cy\/#website","url":"https:\/\/gmcommon.org\/cy\/","name":"Gelligaer and Merthyr Common","description":"","publisher":{"@id":"https:\/\/gmcommon.org\/cy\/#organization"},"potentialAction":[{"@type":"SearchAction","target":{"@type":"EntryPoint","urlTemplate":"https:\/\/gmcommon.org\/cy\/?s={search_term_string}"},"query-input":{"@type":"PropertyValueSpecification","valueRequired":true,"valueName":"search_term_string"}}],"inLanguage":"cy-GB"},{"@type":"Organization","@id":"https:\/\/gmcommon.org\/cy\/#organization","name":"Gelligaer and Merthyr Common","url":"https:\/\/gmcommon.org\/cy\/","logo":{"@type":"ImageObject","inLanguage":"cy-GB","@id":"https:\/\/gmcommon.org\/cy\/#\/schema\/logo\/image\/","url":"https:\/\/gmcommon.org\/wp-content\/uploads\/2020\/04\/GMCommonComingSoon-Logo2.png","contentUrl":"https:\/\/gmcommon.org\/wp-content\/uploads\/2020\/04\/GMCommonComingSoon-Logo2.png","width":500,"height":250,"caption":"Gelligaer and Merthyr Common"},"image":{"@id":"https:\/\/gmcommon.org\/cy\/#\/schema\/logo\/image\/"}},{"@type":"Person","@id":"https:\/\/gmcommon.org\/cy\/#\/schema\/person\/6dcb89e9ec887a1551d968a5922dcebd","name":"Catrin","image":{"@type":"ImageObject","inLanguage":"cy-GB","@id":"https:\/\/secure.gravatar.com\/avatar\/97f63f177dafcc2c0195ee6e116238c52a738135eb143a3da0cd06956dd77e90?s=96&d=mm&r=g","url":"https:\/\/secure.gravatar.com\/avatar\/97f63f177dafcc2c0195ee6e116238c52a738135eb143a3da0cd06956dd77e90?s=96&d=mm&r=g","contentUrl":"https:\/\/secure.gravatar.com\/avatar\/97f63f177dafcc2c0195ee6e116238c52a738135eb143a3da0cd06956dd77e90?s=96&d=mm&r=g","caption":"Catrin"},"url":"https:\/\/gmcommon.org\/cy\/author\/catrin\/"}]}},"_links":{"self":[{"href":"https:\/\/gmcommon.org\/cy\/wp-json\/wp\/v2\/posts\/8658","targetHints":{"allow":["GET"]}}],"collection":[{"href":"https:\/\/gmcommon.org\/cy\/wp-json\/wp\/v2\/posts"}],"about":[{"href":"https:\/\/gmcommon.org\/cy\/wp-json\/wp\/v2\/types\/post"}],"author":[{"embeddable":true,"href":"https:\/\/gmcommon.org\/cy\/wp-json\/wp\/v2\/users\/8"}],"replies":[{"embeddable":true,"href":"https:\/\/gmcommon.org\/cy\/wp-json\/wp\/v2\/comments?post=8658"}],"version-history":[{"count":5,"href":"https:\/\/gmcommon.org\/cy\/wp-json\/wp\/v2\/posts\/8658\/revisions"}],"predecessor-version":[{"id":8674,"href":"https:\/\/gmcommon.org\/cy\/wp-json\/wp\/v2\/posts\/8658\/revisions\/8674"}],"wp:featuredmedia":[{"embeddable":true,"href":"https:\/\/gmcommon.org\/cy\/wp-json\/wp\/v2\/media\/8450"}],"wp:attachment":[{"href":"https:\/\/gmcommon.org\/cy\/wp-json\/wp\/v2\/media?parent=8658"}],"wp:term":[{"taxonomy":"category","embeddable":true,"href":"https:\/\/gmcommon.org\/cy\/wp-json\/wp\/v2\/categories?post=8658"},{"taxonomy":"post_tag","embeddable":true,"href":"https:\/\/gmcommon.org\/cy\/wp-json\/wp\/v2\/tags?post=8658"}],"curies":[{"name":"wp","href":"https:\/\/api.w.org\/{rel}","templated":true}]}}